{"id":436,"date":"2025-06-11T20:46:47","date_gmt":"2025-06-11T20:46:47","guid":{"rendered":"https:\/\/latigoconcascabel.com\/?p=436"},"modified":"2025-07-19T20:58:14","modified_gmt":"2025-07-19T20:58:14","slug":"buena-vista-social-club-en-broadway-un-canto-eterno-a-la-memoria-la-musica-y-al-alma-de-cuba","status":"publish","type":"post","link":"https:\/\/latigoconcascabel.com\/index.php\/2025\/06\/11\/buena-vista-social-club-en-broadway-un-canto-eterno-a-la-memoria-la-musica-y-al-alma-de-cuba\/","title":{"rendered":"\u201cBuena Vista Social Club\u201d en Broadway: Un canto eterno a la memoria, la m\u00fasica y al alma de Cuba"},"content":{"rendered":"\n<p><em>Photo: Matthew Murphy<\/em><\/p>\n\n\n\n<p><\/p>\n\n\n\n<p>La llegada del musical <em>Buena Vista Social Club<\/em> a Broadway no solo es un homenaje a un fen\u00f3meno musical global, sino tambi\u00e9n un tributo po\u00e9tico a la resistencia cultural y al alma de Cuba. Basado en el legendario \u00e1lbum producido por Ry Cooder en 1996 y en la pel\u00edcula documental de Wim Wenders que lo sigui\u00f3, esta puesta en escena logra algo m\u00e1s que celebrar la m\u00fasica tradicional cubana: la revive, la reinventa y la convierte en una experiencia teatral profundamente emotiva.<\/p>\n\n\n\n<p><\/p>\n\n\n\n<p>Dirigido con sensibilidad por Saheem Ali y con libreto de Marco Ram\u00edrez, el musical entrelaza h\u00e1bilmente los recuerdos y vivencias de los m\u00fasicos originales del Club Social con una narrativa contempor\u00e1nea que indaga en la di\u00e1spora, el tiempo, la p\u00e9rdida y el orgullo. La historia gira en torno a un joven cubanoamericano que viaja a La Habana para reconectar con las ra\u00edces musicales de su abuelo, quien fuera miembro del legendario grupo. A trav\u00e9s de una serie de evocaciones musicales y encuentros con los esp\u00edritus del pasado, la obra se convierte en un viaje de redescubrimiento personal y colectivo.<\/p>\n\n\n\n<p><\/p>\n\n\n\n<p>En el centro de esta traves\u00eda se encuentra Omara Portuondo (Natalie Venetia Belcon), la gran dama del bolero cubano, cuya figura se convierte en el eje emocional y narrativo de la obra. Representada con ternura, fuerza y sabidur\u00eda, Omara es la voz que recuerda, que gu\u00eda y que une las distintas generaciones. Su personaje transita entre el pasado y el presente, evocando los d\u00edas de gloria del Buena Vista Social Club y enfrentando con dignidad las cicatrices del tiempo. A trav\u00e9s de sus canciones y sus silencios, Omara emerge no solo como un s\u00edmbolo de la m\u00fasica cubana, sino como un testimonio viviente de la resistencia femenina, la pasi\u00f3n por el arte y la fidelidad a las ra\u00edces.<\/p>\n\n\n\n<p><\/p>\n\n\n\n<p>El elenco brilla con autenticidad y carisma, destac\u00e1ndose actuaciones poderosas que equilibran la emoci\u00f3n dram\u00e1tica con el virtuosismo musical. La m\u00fasica \u2014ese coraz\u00f3n palpitante del espect\u00e1culo\u2014 es interpretada en vivo por una orquesta deslumbrante que recrea con fidelidad los sones, boleros, danzones y guajiras que hicieron c\u00e9lebre al Buena Vista. Temas como \u201cChan Chan\u201d, \u201cDos gardenias\u201d, &#8220;Candela&#8221; y \u201cEl cuarto de Tula\u201d no son solo interpretados, sino vividos en escena, despertando en el p\u00fablico una nostalgia compartida, incluso entre quienes jam\u00e1s pisaron Cuba.<\/p>\n\n\n\n<p><\/p>\n\n\n\n<p>El dise\u00f1o escenogr\u00e1fico, a cargo de Arnulfo Maldonado, recrea una Habana atemporal, so\u00f1ada y real a la vez, con balcones desvencijados, luz c\u00e1lida filtr\u00e1ndose entre persianas, y el eco constante de una ciudad donde la m\u00fasica nunca se ha detenido. La coreograf\u00eda, firmada por Patricia Delgado y Justin Peck, evita el clich\u00e9 folcl\u00f3rico y opta por una fisicalidad org\u00e1nica que brota del alma de los personajes, como si cada paso fuese una nota m\u00e1s en la partitura del recuerdo.<\/p>\n\n\n\n<p><\/p>\n\n\n\n<p>Uno de los mayores logros del musical es evitar la trampa de la idealizaci\u00f3n. Aunque hay momentos de alegr\u00eda y fiesta, tambi\u00e9n se respira la melancol\u00eda de lo que se ha perdido: amistades, amores, ilusiones truncas por la historia. <em>Buena Vista Social Club<\/em> no es solo una postal de Cuba, es una eleg\u00eda danzante por una generaci\u00f3n de artistas que, pese al olvido y el exilio, encontraron una segunda vida gracias a su arte.<\/p>\n\n\n\n<p><\/p>\n\n\n\n<p>Este musical, en definitiva, es un acto de resistencia art\u00edstica. Una invitaci\u00f3n a escuchar con el coraz\u00f3n abierto, a cantar con los ancestros, y a entender que hay m\u00fasicas \u2014como hay pueblos\u2014 que nunca mueren. Broadway aplaude de pie, y con raz\u00f3n. Porque <em>Buena Vista Social Club<\/em> no solo canta: nos hace recordar qui\u00e9nes fuimos, qui\u00e9nes somos, y por qu\u00e9, a pesar de todo, seguimos cantando.<\/p>\n\n\n\n<p><\/p>\n\n\n\n<hr class=\"wp-block-separator has-alpha-channel-opacity is-style-dots\"\/>\n\n\n\n<p><\/p>\n\n\n\n<p>El musical &#8220;Buena Vista Social Club&#8221;, que se estren\u00f3 en Broadway en marzo de 2025, fue uno de los grandes triunfadores de los Premios Tony de 2025. Recibi\u00f3 10 nominaciones y gan\u00f3 5 premios, incluyendo un premio especial para la banda.<\/p>\n\n\n\n<p><\/p>\n\n\n\n<p><strong>Premios Tony 2025:<\/strong><\/p>\n\n\n\n<p>Mejor Actriz de Reparto en un Musical: Natalie Venetia Belcon.<\/p>\n\n\n\n<p>Mejor Coreograf\u00eda: Patricia Delgado y Justin Peck.<\/p>\n\n\n\n<p>Mejor Orquestaci\u00f3n: Marco Paguia.<\/p>\n\n\n\n<p>Mejor Dise\u00f1o de Sonido: Jonathan Deans.<\/p>\n\n\n\n<p>Premio Tony Especial a la Banda: La banda de 10 integrantes que conforma el n\u00facleo del musical.<\/p>\n\n\n\n<p><\/p>\n","protected":false},"excerpt":{"rendered":"<p>Photo: Matthew Murphy La llegada del musical Buena Vista Social Club a Broadway no solo es un homenaje a un fen\u00f3meno musical global, sino tambi\u00e9n un tributo po\u00e9tico a la resistencia cultural y al alma de Cuba. Basado en el legendario \u00e1lbum producido por Ry Cooder en 1996 y en la pel\u00edcula documental de Wim Wenders que lo sigui\u00f3, esta puesta en escena logra algo m\u00e1s que celebrar la m\u00fasica&hellip;<\/p>\n","protected":false},"author":2,"featured_media":437,"comment_status":"closed","ping_status":"open","sticky":false,"template":"","format":"standard","meta":{"om_disable_all_campaigns":false,"_monsterinsights_skip_tracking":false,"_monsterinsights_sitenote_active":false,"_monsterinsights_sitenote_note":"","_monsterinsights_sitenote_category":0,"yasr_overall_rating":0,"yasr_post_is_review":"","yasr_auto_insert_disabled":"","yasr_review_type":"","footnotes":""},"categories":[101,32,30],"tags":[],"class_list":["post-436","post","type-post","status-publish","format-standard","has-post-thumbnail","hentry","category-broadway","category-entretenimiento","category-teatro"],"yasr_visitor_votes":{"stars_attributes":{"read_only":true,"span_bottom":"<div class='yasr-small-block-bold'><span class='yasr-visitor-votes-must-sign-in'>You must sign in to vote<\/span><\/div>"},"number_of_votes":0,"sum_votes":0},"aioseo_notices":[],"_links":{"self":[{"href":"https:\/\/latigoconcascabel.com\/index.php\/wp-json\/wp\/v2\/posts\/436","targetHints":{"allow":["GET"]}}],"collection":[{"href":"https:\/\/latigoconcascabel.com\/index.php\/wp-json\/wp\/v2\/posts"}],"about":[{"href":"https:\/\/latigoconcascabel.com\/index.php\/wp-json\/wp\/v2\/types\/post"}],"author":[{"embeddable":true,"href":"https:\/\/latigoconcascabel.com\/index.php\/wp-json\/wp\/v2\/users\/2"}],"replies":[{"embeddable":true,"href":"https:\/\/latigoconcascabel.com\/index.php\/wp-json\/wp\/v2\/comments?post=436"}],"version-history":[{"count":8,"href":"https:\/\/latigoconcascabel.com\/index.php\/wp-json\/wp\/v2\/posts\/436\/revisions"}],"predecessor-version":[{"id":447,"href":"https:\/\/latigoconcascabel.com\/index.php\/wp-json\/wp\/v2\/posts\/436\/revisions\/447"}],"wp:featuredmedia":[{"embeddable":true,"href":"https:\/\/latigoconcascabel.com\/index.php\/wp-json\/wp\/v2\/media\/437"}],"wp:attachment":[{"href":"https:\/\/latigoconcascabel.com\/index.php\/wp-json\/wp\/v2\/media?parent=436"}],"wp:term":[{"taxonomy":"category","embeddable":true,"href":"https:\/\/latigoconcascabel.com\/index.php\/wp-json\/wp\/v2\/categories?post=436"},{"taxonomy":"post_tag","embeddable":true,"href":"https:\/\/latigoconcascabel.com\/index.php\/wp-json\/wp\/v2\/tags?post=436"}],"curies":[{"name":"wp","href":"https:\/\/api.w.org\/{rel}","templated":true}]}}